{"id":1767,"date":"2026-03-29T18:36:15","date_gmt":"2026-03-29T18:36:15","guid":{"rendered":"https:\/\/deelen.lu\/?p=1767"},"modified":"2026-03-29T18:42:57","modified_gmt":"2026-03-29T18:42:57","slug":"5-raisons-de-louer-au-lieu-d-acheter-au-luxembourg","status":"publish","type":"post","link":"https:\/\/deelen.lu\/fr\/5-raisons-de-louer-au-lieu-d-acheter-au-luxembourg\/","title":{"rendered":"5 raisons de louer plut\u00f4t qu'acheter au Luxembourg"},"content":{"rendered":"<div style=\"font-family: 'Segoe UI', Tahoma, Geneva, Verdana, sans-serif; color: #333; line-height: 1.6; max-width: 800px; margin: auto; padding: 20px;\">\n<header style=\"text-align: center; padding: 40px 20px; background-color: #f0f7ff; border-radius: 15px; margin-bottom: 30px;\">\n<div style=\"margin-bottom: 15px;\">\n            <img decoding=\"async\" src=\"https:\/\/deelen.lu\/resources\/uploads\/2026\/03\/Made-in-scaled.png\" alt=\"Label Officiel Made in Luxembourg\" style=\"height: 80px; width: auto;\">\n        <\/div>\n<h1 style=\"color: #0056b3; font-size: 2.5em; margin-bottom: 10px;\">5 raisons de louer au lieu d'acheter au Luxembourg<\/h1>\n<p style=\"font-size: 1.2em; color: #555;\">D\u00e9couvrez pourquoi les r\u00e9sidents du Grand-Duch\u00e9 choisissent de plus en plus le <strong>partage<\/strong>.<\/p>\n<\/header>\n<div style=\"margin-bottom: 35px; text-align: center;\">\n        <img decoding=\"async\" style=\"width: 100%; border-radius: 10px; box-shadow: 0 4px 10px rgba(0,0,0,0.1);\" src=\"https:\/\/deelen.lu\/resources\/uploads\/2026\/03\/Diseno-sin-titulo-8.png\" alt=\"Mode de vie durable au Luxembourg - Deelen\" \/>\n    <\/div>\n<p style=\"font-size: 1.1em; text-align: center; max-width: 700px; margin: auto; margin-bottom: 40px;\">\n        Nous vivons dans une culture qui nous pousse \u00e0 tout poss\u00e9der. Pourtant, de plus en plus de r\u00e9sidents d\u00e9couvrent que <strong>la location est un choix bien plus judicieux<\/strong>. Voici 5 raisons convaincantes de franchir le pas d\u00e8s aujourd'hui.\n    <\/p>\n<div style=\"margin-bottom: 40px;\">\n<div style=\"display: flex; align-items: flex-start; gap: 20px; background: #fff; padding: 20px; border-radius: 12px; border: 1px solid #e1e8ed; margin-bottom: 20px; box-shadow: 0 2px 5px rgba(0,0,0,0.02);\">\n<div style=\"font-size: 2.5em; background: #e3f2fd; padding: 10px; border-radius: 50%; min-width: 60px; text-align: center;\">&#x1f4b0;<\/div>\n<div>\n<h3 style=\"color: #0056b3; margin-top: 0;\">1. \u00c9conomisez de l'argent<\/h3>\n<p style=\"margin-bottom: 0;\">Un foyer moyen d\u00e9pense des milliers d'euros pour des objets utilis\u00e9s seulement quelques fois par an. Louer un nettoyeur haute pression ou une perceuse co\u00fbte une <strong>fraction du prix d'achat<\/strong>. Investissez dans des exp\u00e9riences, pas dans le stockage !<\/p>\n<\/p><\/div>\n<\/p><\/div>\n<div style=\"display: flex; align-items: flex-start; gap: 20px; background: #fff; padding: 20px; border-radius: 12px; border: 1px solid #e1e8ed; margin-bottom: 20px; box-shadow: 0 2px 5px rgba(0,0,0,0.02);\">\n<div style=\"font-size: 2.5em; background: #fff3e0; padding: 10px; border-radius: 50%; min-width: 60px; text-align: center;\">&#x1f3e0;<\/div>\n<div>\n<h3 style=\"color: #0056b3; margin-top: 0;\">2. Gagnez de l'espace<\/h3>\n<p style=\"margin-bottom: 0;\">Les logements au Luxembourg ne sont pas toujours spacieux. Pourquoi encombrer votre cave avec des objets rarement utilis\u00e9s ? <strong>Louez quand vous en avez besoin, rendez-le quand c'est fini<\/strong>. Profitez d'un int\u00e9rieur minimaliste et ordonn\u00e9.<\/p>\n<\/p><\/div>\n<\/p><\/div>\n<div style=\"display: flex; align-items: flex-start; gap: 20px; background: #fff; padding: 20px; border-radius: 12px; border: 1px solid #e1e8ed; margin-bottom: 20px; box-shadow: 0 2px 5px rgba(0,0,0,0.02);\">\n<div style=\"font-size: 2.5em; background: #f3e5f5; padding: 10px; border-radius: 50%; min-width: 60px; text-align: center;\">&#x1f48e;<\/div>\n<div>\n<h3 style=\"color: #0056b3; margin-top: 0;\">3. Acc\u00e9dez \u00e0 une qualit\u00e9 sup\u00e9rieure<\/h3>\n<p style=\"margin-bottom: 0;\">Obtenez du mat\u00e9riel professionnel pour un projet sp\u00e9cifique. Qu'il s'agisse d'un appareil photo haut de gamme ou d'articles de pu\u00e9riculture premium, la location vous permet d'<strong>utiliser les meilleures marques<\/strong> sans l'investissement total.<\/p>\n<\/p><\/div>\n<\/p><\/div>\n<div style=\"display: flex; align-items: flex-start; gap: 20px; background: #fff; padding: 20px; border-radius: 12px; border: 1px solid #e1e8ed; margin-bottom: 20px; box-shadow: 0 2px 5px rgba(0,0,0,0.02);\">\n<div style=\"font-size: 2.5em; background: #e8f5e9; padding: 10px; border-radius: 50%; min-width: 60px; text-align: center;\">&#x1f30d;<\/div>\n<div>\n<h3 style=\"color: #0056b3; margin-top: 0;\">4. Pr\u00e9servez l'environnement<\/h3>\n<p style=\"margin-bottom: 0;\">Le partage d'un objet entre plusieurs utilisateurs r\u00e9duit la demande de production neuve et diminue l'empreinte carbone. Deelen est fier de soutenir la transition du Luxembourg vers une <strong>\u00e9conomie circulaire<\/strong>.<\/p>\n<\/p><\/div>\n<\/p><\/div>\n<div style=\"display: flex; align-items: flex-start; gap: 20px; background: #fff; padding: 20px; border-radius: 12px; border: 1px solid #e1e8ed; margin-bottom: 20px; box-shadow: 0 2px 5px rgba(0,0,0,0.02);\">\n<div style=\"font-size: 2.5em; background: #fffde7; padding: 10px; border-radius: 50%; min-width: 60px; text-align: center;\">&#x1f91d;<\/div>\n<div>\n<h3 style=\"color: #0056b3; margin-top: 0;\">5. Soutenez votre communaut\u00e9<\/h3>\n<p style=\"margin-bottom: 0;\">Louer aupr\u00e8s d'un voisin permet de garder l'argent au sein de l'\u00e9conomie locale. Les propri\u00e9taires tirent un revenu de leurs objets inutilis\u00e9s, cr\u00e9ant une <strong>relation gagnant-gagnant<\/strong> qui renforce les liens locaux.<\/p>\n<\/p><\/div>\n<\/p><\/div>\n<\/p><\/div>\n<div style=\"text-align: center; padding: 45px 20px; border-radius: 15px; background: linear-gradient(135deg, #0056b3 0%, #00a8ff 100%); color: white;\">\n<h2 style=\"margin-top: 0; font-size: 2em;\">Pr\u00eat \u00e0 changer vos habitudes ?<\/h2>\n<p style=\"margin-bottom: 30px; font-size: 1.1em;\">Rejoignez la r\u00e9volution du partage au Luxembourg et d\u00e9couvrez des centaines d'annonces pr\u00e8s de chez vous.<\/p>\n<div style=\"margin-bottom: 30px;\">\n             <img decoding=\"async\" src=\"https:\/\/deelen.lu\/resources\/uploads\/2026\/03\/Made-in-scaled.png\" alt=\"Deelen - Made in Luxembourg\" style=\"height: 60px; width: auto; filter: brightness(0) invert(1);\">\n        <\/div>\n<p>        <a style=\"display: inline-block; padding: 18px 40px; background-color: #fff; color: #0056b3; text-decoration: none; font-weight: bold; border-radius: 50px; font-size: 1.2em; transition: 0.3s; box-shadow: 0 10px 20px rgba(0,0,0,0.2);\" href=\"https:\/\/deelen.lu\/categories\/\">Explorer les annonces sur deelen.lu<\/a>\n    <\/div>\n<\/div>\n","protected":false},"excerpt":{"rendered":"<p>5 raisons de louer au lieu d'acheter au Luxembourg D\u00e9couvrez pourquoi les r\u00e9sidents du Grand-Duch\u00e9 choisissent de plus en plus le partage. Nous vivons dans une culture qui nous pousse \u00e0 tout poss\u00e9der. Pourtant, de plus en plus de r\u00e9sidents d\u00e9couvrent que la location est un choix bien plus judicieux. Voici 5 raisons convaincantes de [&hellip;]<\/p>\n","protected":false},"author":15,"featured_media":0,"comment_status":"closed","ping_status":"closed","sticky":false,"template":"","format":"standard","meta":{"_acf_changed":false,"inline_featured_image":false,"footnotes":""},"categories":[140],"tags":[],"class_list":["post-1767","post","type-post","status-publish","format-standard","hentry","category-non-classifiee"],"acf":[],"yoast_head":"<!-- This site is optimized with the Yoast SEO plugin v27.2 - https:\/\/yoast.com\/product\/yoast-seo-wordpress\/ -->\n<title>5 raisons de louer plut\u00f4t qu&#039;acheter au Luxembourg - Deelen<\/title>\n<meta name=\"description\" content=\"Nous vivons dans une culture qui nous pousse \u00e0 tout poss\u00e9der. Mais de plus en plus de personnes au Luxembourg d\u00e9couvrent les avantages de la location par rapport \u00e0 l&#039;achat. Voici 5 raisons convaincantes de faire le changement.\" \/>\n<meta name=\"robots\" content=\"index, follow, max-snippet:-1, max-image-preview:large, max-video-preview:-1\" \/>\n<link rel=\"canonical\" href=\"https:\/\/deelen.lu\/fr\/5-raisons-de-louer-au-lieu-d-acheter-au-luxembourg\/\" \/>\n<meta property=\"og:locale\" content=\"fr_FR\" \/>\n<meta property=\"og:type\" content=\"article\" \/>\n<meta property=\"og:title\" content=\"5 raisons de louer plut\u00f4t qu&#039;acheter au Luxembourg - Deelen\" \/>\n<meta property=\"og:description\" content=\"Nous vivons dans une culture qui nous pousse \u00e0 tout poss\u00e9der. Mais de plus en plus de personnes au Luxembourg d\u00e9couvrent les avantages de la location par rapport \u00e0 l&#039;achat. Voici 5 raisons convaincantes de faire le changement.\" \/>\n<meta property=\"og:url\" content=\"https:\/\/deelen.lu\/fr\/5-raisons-de-louer-au-lieu-d-acheter-au-luxembourg\/\" \/>\n<meta property=\"og:site_name\" content=\"Deelen\" \/>\n<meta property=\"article:published_time\" content=\"2026-03-29T18:36:15+00:00\" \/>\n<meta property=\"article:modified_time\" content=\"2026-03-29T18:42:57+00:00\" \/>\n<meta property=\"og:image\" content=\"https:\/\/deelen.lu\/resources\/uploads\/2026\/03\/Made-in-scaled.png\" \/>\n<meta name=\"author\" content=\"Bharti Sharma\" \/>\n<meta name=\"twitter:card\" content=\"summary_large_image\" \/>\n<meta name=\"twitter:label1\" content=\"\u00c9crit par\" \/>\n\t<meta name=\"twitter:data1\" content=\"Bharti Sharma\" \/>\n\t<meta name=\"twitter:label2\" content=\"Dur\u00e9e de lecture estim\u00e9e\" \/>\n\t<meta name=\"twitter:data2\" content=\"2 minutes\" \/>\n<script type=\"application\/ld+json\" class=\"yoast-schema-graph\">{\"@context\":\"https:\/\/schema.org\",\"@graph\":[{\"@type\":\"Article\",\"@id\":\"https:\/\/deelen.lu\/fr\/5-raisons-de-louer-au-lieu-d-acheter-au-luxembourg\/#article\",\"isPartOf\":{\"@id\":\"https:\/\/deelen.lu\/fr\/5-raisons-de-louer-au-lieu-d-acheter-au-luxembourg\/\"},\"author\":{\"name\":\"Bharti Sharma\",\"@id\":\"https:\/\/deelen.lu\/fr\/#\/schema\/person\/0711bec92a925b5fb71bc40d85cdb2e0\"},\"headline\":\"5 raisons de louer plut\u00f4t qu'acheter au Luxembourg\",\"datePublished\":\"2026-03-29T18:36:15+00:00\",\"dateModified\":\"2026-03-29T18:42:57+00:00\",\"mainEntityOfPage\":{\"@id\":\"https:\/\/deelen.lu\/fr\/5-raisons-de-louer-au-lieu-d-acheter-au-luxembourg\/\"},\"wordCount\":335,\"image\":{\"@id\":\"https:\/\/deelen.lu\/fr\/5-raisons-de-louer-au-lieu-d-acheter-au-luxembourg\/#primaryimage\"},\"thumbnailUrl\":\"https:\/\/deelen.lu\/resources\/uploads\/2026\/03\/Made-in-scaled.png\",\"articleSection\":[\"Non classifi\u00e9(e)\"],\"inLanguage\":\"fr-FR\"},{\"@type\":\"WebPage\",\"@id\":\"https:\/\/deelen.lu\/fr\/5-raisons-de-louer-au-lieu-d-acheter-au-luxembourg\/\",\"url\":\"https:\/\/deelen.lu\/fr\/5-raisons-de-louer-au-lieu-d-acheter-au-luxembourg\/\",\"name\":\"5 raisons de louer plut\u00f4t qu'acheter au Luxembourg - Deelen\",\"isPartOf\":{\"@id\":\"https:\/\/deelen.lu\/fr\/#website\"},\"primaryImageOfPage\":{\"@id\":\"https:\/\/deelen.lu\/fr\/5-raisons-de-louer-au-lieu-d-acheter-au-luxembourg\/#primaryimage\"},\"image\":{\"@id\":\"https:\/\/deelen.lu\/fr\/5-raisons-de-louer-au-lieu-d-acheter-au-luxembourg\/#primaryimage\"},\"thumbnailUrl\":\"https:\/\/deelen.lu\/resources\/uploads\/2026\/03\/Made-in-scaled.png\",\"datePublished\":\"2026-03-29T18:36:15+00:00\",\"dateModified\":\"2026-03-29T18:42:57+00:00\",\"author\":{\"@id\":\"https:\/\/deelen.lu\/fr\/#\/schema\/person\/0711bec92a925b5fb71bc40d85cdb2e0\"},\"description\":\"Nous vivons dans une culture qui nous pousse \u00e0 tout poss\u00e9der. Mais de plus en plus de personnes au Luxembourg d\u00e9couvrent les avantages de la location par rapport \u00e0 l'achat. Voici 5 raisons convaincantes de faire le changement.\",\"breadcrumb\":{\"@id\":\"https:\/\/deelen.lu\/fr\/5-raisons-de-louer-au-lieu-d-acheter-au-luxembourg\/#breadcrumb\"},\"inLanguage\":\"fr-FR\",\"potentialAction\":[{\"@type\":\"ReadAction\",\"target\":[\"https:\/\/deelen.lu\/fr\/5-raisons-de-louer-au-lieu-d-acheter-au-luxembourg\/\"]}]},{\"@type\":\"ImageObject\",\"inLanguage\":\"fr-FR\",\"@id\":\"https:\/\/deelen.lu\/fr\/5-raisons-de-louer-au-lieu-d-acheter-au-luxembourg\/#primaryimage\",\"url\":\"https:\/\/deelen.lu\/resources\/uploads\/2026\/03\/Made-in-scaled.png\",\"contentUrl\":\"https:\/\/deelen.lu\/resources\/uploads\/2026\/03\/Made-in-scaled.png\"},{\"@type\":\"BreadcrumbList\",\"@id\":\"https:\/\/deelen.lu\/fr\/5-raisons-de-louer-au-lieu-d-acheter-au-luxembourg\/#breadcrumb\",\"itemListElement\":[{\"@type\":\"ListItem\",\"position\":1,\"name\":\"Home\",\"item\":\"https:\/\/deelen.lu\/fr\/\"},{\"@type\":\"ListItem\",\"position\":2,\"name\":\"5 raisons de louer plut\u00f4t qu'acheter au Luxembourg\"}]},{\"@type\":\"WebSite\",\"@id\":\"https:\/\/deelen.lu\/fr\/#website\",\"url\":\"https:\/\/deelen.lu\/fr\/\",\"name\":\"Deelen\",\"description\":\"Deelen.lu \u2014 Luxembourg&#039;s peer-to-peer rental marketplace. Rent and lend items locally.\",\"potentialAction\":[{\"@type\":\"SearchAction\",\"target\":{\"@type\":\"EntryPoint\",\"urlTemplate\":\"https:\/\/deelen.lu\/fr\/?s={search_term_string}\"},\"query-input\":{\"@type\":\"PropertyValueSpecification\",\"valueRequired\":true,\"valueName\":\"search_term_string\"}}],\"inLanguage\":\"fr-FR\"},{\"@type\":\"Person\",\"@id\":\"https:\/\/deelen.lu\/fr\/#\/schema\/person\/0711bec92a925b5fb71bc40d85cdb2e0\",\"name\":\"Bharti Sharma\",\"image\":{\"@type\":\"ImageObject\",\"inLanguage\":\"fr-FR\",\"@id\":\"https:\/\/secure.gravatar.com\/avatar\/2e675bcad1fbb904f558560692ee43def7e808d1d8cc5abf70e71689dd95f776?s=96&d=mm&r=g\",\"url\":\"https:\/\/secure.gravatar.com\/avatar\/2e675bcad1fbb904f558560692ee43def7e808d1d8cc5abf70e71689dd95f776?s=96&d=mm&r=g\",\"contentUrl\":\"https:\/\/secure.gravatar.com\/avatar\/2e675bcad1fbb904f558560692ee43def7e808d1d8cc5abf70e71689dd95f776?s=96&d=mm&r=g\",\"caption\":\"Bharti Sharma\"},\"url\":\"https:\/\/deelen.lu\/fr\/author\/bharti-sharmaariasdeelen-lu\/\"}]}<\/script>\n<!-- \/ Yoast SEO plugin. -->","yoast_head_json":{"title":"5 raisons de louer plut\u00f4t qu'acheter au Luxembourg - Deelen","description":"Nous vivons dans une culture qui nous pousse \u00e0 tout poss\u00e9der. Mais de plus en plus de personnes au Luxembourg d\u00e9couvrent les avantages de la location par rapport \u00e0 l'achat. Voici 5 raisons convaincantes de faire le changement.","robots":{"index":"index","follow":"follow","max-snippet":"max-snippet:-1","max-image-preview":"max-image-preview:large","max-video-preview":"max-video-preview:-1"},"canonical":"https:\/\/deelen.lu\/fr\/5-raisons-de-louer-au-lieu-d-acheter-au-luxembourg\/","og_locale":"fr_FR","og_type":"article","og_title":"5 raisons de louer plut\u00f4t qu'acheter au Luxembourg - Deelen","og_description":"Nous vivons dans une culture qui nous pousse \u00e0 tout poss\u00e9der. Mais de plus en plus de personnes au Luxembourg d\u00e9couvrent les avantages de la location par rapport \u00e0 l'achat. Voici 5 raisons convaincantes de faire le changement.","og_url":"https:\/\/deelen.lu\/fr\/5-raisons-de-louer-au-lieu-d-acheter-au-luxembourg\/","og_site_name":"Deelen","article_published_time":"2026-03-29T18:36:15+00:00","article_modified_time":"2026-03-29T18:42:57+00:00","og_image":[{"url":"https:\/\/deelen.lu\/resources\/uploads\/2026\/03\/Made-in-scaled.png","type":"","width":"","height":""}],"author":"Bharti Sharma","twitter_card":"summary_large_image","twitter_misc":{"\u00c9crit par":"Bharti Sharma","Dur\u00e9e de lecture estim\u00e9e":"2 minutes"},"schema":{"@context":"https:\/\/schema.org","@graph":[{"@type":"Article","@id":"https:\/\/deelen.lu\/fr\/5-raisons-de-louer-au-lieu-d-acheter-au-luxembourg\/#article","isPartOf":{"@id":"https:\/\/deelen.lu\/fr\/5-raisons-de-louer-au-lieu-d-acheter-au-luxembourg\/"},"author":{"name":"Bharti Sharma","@id":"https:\/\/deelen.lu\/fr\/#\/schema\/person\/0711bec92a925b5fb71bc40d85cdb2e0"},"headline":"5 raisons de louer plut\u00f4t qu'acheter au Luxembourg","datePublished":"2026-03-29T18:36:15+00:00","dateModified":"2026-03-29T18:42:57+00:00","mainEntityOfPage":{"@id":"https:\/\/deelen.lu\/fr\/5-raisons-de-louer-au-lieu-d-acheter-au-luxembourg\/"},"wordCount":335,"image":{"@id":"https:\/\/deelen.lu\/fr\/5-raisons-de-louer-au-lieu-d-acheter-au-luxembourg\/#primaryimage"},"thumbnailUrl":"https:\/\/deelen.lu\/resources\/uploads\/2026\/03\/Made-in-scaled.png","articleSection":["Non classifi\u00e9(e)"],"inLanguage":"fr-FR"},{"@type":"WebPage","@id":"https:\/\/deelen.lu\/fr\/5-raisons-de-louer-au-lieu-d-acheter-au-luxembourg\/","url":"https:\/\/deelen.lu\/fr\/5-raisons-de-louer-au-lieu-d-acheter-au-luxembourg\/","name":"5 raisons de louer plut\u00f4t qu'acheter au Luxembourg - Deelen","isPartOf":{"@id":"https:\/\/deelen.lu\/fr\/#website"},"primaryImageOfPage":{"@id":"https:\/\/deelen.lu\/fr\/5-raisons-de-louer-au-lieu-d-acheter-au-luxembourg\/#primaryimage"},"image":{"@id":"https:\/\/deelen.lu\/fr\/5-raisons-de-louer-au-lieu-d-acheter-au-luxembourg\/#primaryimage"},"thumbnailUrl":"https:\/\/deelen.lu\/resources\/uploads\/2026\/03\/Made-in-scaled.png","datePublished":"2026-03-29T18:36:15+00:00","dateModified":"2026-03-29T18:42:57+00:00","author":{"@id":"https:\/\/deelen.lu\/fr\/#\/schema\/person\/0711bec92a925b5fb71bc40d85cdb2e0"},"description":"Nous vivons dans une culture qui nous pousse \u00e0 tout poss\u00e9der. Mais de plus en plus de personnes au Luxembourg d\u00e9couvrent les avantages de la location par rapport \u00e0 l'achat. Voici 5 raisons convaincantes de faire le changement.","breadcrumb":{"@id":"https:\/\/deelen.lu\/fr\/5-raisons-de-louer-au-lieu-d-acheter-au-luxembourg\/#breadcrumb"},"inLanguage":"fr-FR","potentialAction":[{"@type":"ReadAction","target":["https:\/\/deelen.lu\/fr\/5-raisons-de-louer-au-lieu-d-acheter-au-luxembourg\/"]}]},{"@type":"ImageObject","inLanguage":"fr-FR","@id":"https:\/\/deelen.lu\/fr\/5-raisons-de-louer-au-lieu-d-acheter-au-luxembourg\/#primaryimage","url":"https:\/\/deelen.lu\/resources\/uploads\/2026\/03\/Made-in-scaled.png","contentUrl":"https:\/\/deelen.lu\/resources\/uploads\/2026\/03\/Made-in-scaled.png"},{"@type":"BreadcrumbList","@id":"https:\/\/deelen.lu\/fr\/5-raisons-de-louer-au-lieu-d-acheter-au-luxembourg\/#breadcrumb","itemListElement":[{"@type":"ListItem","position":1,"name":"Home","item":"https:\/\/deelen.lu\/fr\/"},{"@type":"ListItem","position":2,"name":"5 raisons de louer plut\u00f4t qu'acheter au Luxembourg"}]},{"@type":"WebSite","@id":"https:\/\/deelen.lu\/fr\/#website","url":"https:\/\/deelen.lu\/fr\/","name":"Deelen","description":"Deelen.lu \u2014 Luxembourg&#039;s peer-to-peer rental marketplace. Rent and lend items locally.","potentialAction":[{"@type":"SearchAction","target":{"@type":"EntryPoint","urlTemplate":"https:\/\/deelen.lu\/fr\/?s={search_term_string}"},"query-input":{"@type":"PropertyValueSpecification","valueRequired":true,"valueName":"search_term_string"}}],"inLanguage":"fr-FR"},{"@type":"Person","@id":"https:\/\/deelen.lu\/fr\/#\/schema\/person\/0711bec92a925b5fb71bc40d85cdb2e0","name":"Bharti Sharma","image":{"@type":"ImageObject","inLanguage":"fr-FR","@id":"https:\/\/secure.gravatar.com\/avatar\/2e675bcad1fbb904f558560692ee43def7e808d1d8cc5abf70e71689dd95f776?s=96&d=mm&r=g","url":"https:\/\/secure.gravatar.com\/avatar\/2e675bcad1fbb904f558560692ee43def7e808d1d8cc5abf70e71689dd95f776?s=96&d=mm&r=g","contentUrl":"https:\/\/secure.gravatar.com\/avatar\/2e675bcad1fbb904f558560692ee43def7e808d1d8cc5abf70e71689dd95f776?s=96&d=mm&r=g","caption":"Bharti Sharma"},"url":"https:\/\/deelen.lu\/fr\/author\/bharti-sharmaariasdeelen-lu\/"}]}},"_links":{"self":[{"href":"https:\/\/deelen.lu\/fr\/wp-json\/wp\/v2\/posts\/1767","targetHints":{"allow":["GET"]}}],"collection":[{"href":"https:\/\/deelen.lu\/fr\/wp-json\/wp\/v2\/posts"}],"about":[{"href":"https:\/\/deelen.lu\/fr\/wp-json\/wp\/v2\/types\/post"}],"author":[{"embeddable":true,"href":"https:\/\/deelen.lu\/fr\/wp-json\/wp\/v2\/users\/15"}],"replies":[{"embeddable":true,"href":"https:\/\/deelen.lu\/fr\/wp-json\/wp\/v2\/comments?post=1767"}],"version-history":[{"count":3,"href":"https:\/\/deelen.lu\/fr\/wp-json\/wp\/v2\/posts\/1767\/revisions"}],"predecessor-version":[{"id":1775,"href":"https:\/\/deelen.lu\/fr\/wp-json\/wp\/v2\/posts\/1767\/revisions\/1775"}],"wp:attachment":[{"href":"https:\/\/deelen.lu\/fr\/wp-json\/wp\/v2\/media?parent=1767"}],"wp:term":[{"taxonomy":"category","embeddable":true,"href":"https:\/\/deelen.lu\/fr\/wp-json\/wp\/v2\/categories?post=1767"},{"taxonomy":"post_tag","embeddable":true,"href":"https:\/\/deelen.lu\/fr\/wp-json\/wp\/v2\/tags?post=1767"}],"curies":[{"name":"wp","href":"https:\/\/api.w.org\/{rel}","templated":true}]}}