{"id":1805,"date":"2026-03-30T18:28:53","date_gmt":"2026-03-30T18:28:53","guid":{"rendered":"https:\/\/deelen.lu\/?p=1805"},"modified":"2026-03-30T18:33:48","modified_gmt":"2026-03-30T18:33:48","slug":"grande-nouvelle-deelen-est-officiellement-made-in-luxembourg","status":"publish","type":"post","link":"https:\/\/deelen.lu\/fr\/grande-nouvelle-deelen-est-officiellement-made-in-luxembourg\/","title":{"rendered":"Grande Nouvelle : Deelen est officiellement \"Made in Luxembourg\" !"},"content":{"rendered":"<div style=\"font-family: 'Segoe UI', Tahoma, Geneva, Verdana, sans-serif; color: #333; line-height: 1.6; max-width: 800px; margin: auto; padding: 20px;\">\n<header style=\"text-align: center; padding: 40px 20px; background-color: #f0f7ff; border-radius: 15px; margin-bottom: 30px;\">\n<div style=\"margin-bottom: 15px;\"><img decoding=\"async\" style=\"height: 100px; width: auto;\" src=\"https:\/\/deelen.lu\/resources\/uploads\/2026\/03\/Made-in-scaled.png\" alt=\"Label Officiel Made in Luxembourg\" \/><\/div>\n<h1 style=\"color: #0056b3; font-size: 2.5em; margin-bottom: 10px;\">Grande Nouvelle : Deelen est officiellement \"Made in Luxembourg\" !<\/h1>\n<p style=\"font-size: 1.2em; color: #555;\">Confiance, communaut\u00e9 et innovation locale au c\u0153ur de notre mission.<\/p>\n<\/header>\n<p style=\"font-size: 1.1em;\">Nous sommes ravis de partager cette \u00e9tape majeure : Deelen a officiellement re\u00e7u le label <strong>\"Made in Luxembourg\"<\/strong> ! Cette distinction confirme notre engagement \u00e0 offrir un service local d'excellence \u00e0 tous les r\u00e9sidents du Grand-Duch\u00e9.<\/p>\n<h3 style=\"color: #0056b3; border-left: 5px solid #0056b3; padding-left: 15px; margin-top: 40px;\">Deelen fait la une<\/h3>\n<p>Notre mod\u00e8le d'\u00e9conomie circulaire attire l'attention ! Cliquez ci-dessous pour lire nos articles dans les m\u00e9dias luxembourgeois :<\/p>\n<div style=\"display: grid; grid-template-columns: repeat(auto-fit, minmax(200px, 1fr)); gap: 15px; margin-bottom: 40px; text-align: center;\">\n<p><a style=\"text-decoration: none; background: #fff; padding: 20px; border: 1px solid #0056b3; border-radius: 12px; font-weight: bold; color: #0056b3; display: block;\" href=\"https:\/\/www.lessentiel.lu\/fr\/story\/luxembourg-deelen-permet-de-donner-une-autre-vie-aux-objets-du-quotidien-103352117\" target=\"_blank\" rel=\"noopener\">Lire sur L'essentiel<\/a><\/p>\n<p><a style=\"text-decoration: none; background: #fff; padding: 20px; border: 1px solid #0056b3; border-radius: 12px; font-weight: bold; color: #0056b3; display: block;\" href=\"https:\/\/chronicle.lu\/category\/business-1\/55009-rental-platform-deelen-launches-in-luxembourg\" target=\"_blank\" rel=\"noopener\">Lire sur Chronicle.lu<\/a><\/p>\n<p><a style=\"text-decoration: none; background: #fff; padding: 20px; border: 1px solid #0056b3; border-radius: 12px; font-weight: bold; color: #0056b3; display: block;\" href=\"https:\/\/merkur.lu\/its-my-story\/deelen-lu-loues-soient-les-objets-inutilises\" target=\"_blank\" rel=\"noopener\">Lire sur Merkur<\/a><\/p>\n<\/div>\n<div style=\"background-color: #f9f9f9; padding: 30px; border-radius: 15px; margin-bottom: 40px; border: 1px solid #eee;\">\n<h3 style=\"margin-top: 0; color: #0056b3;\">&#x1f30d; Une plateforme pour toutes les communaut\u00e9s<\/h3>\n<p>Que vous fassiez partie de la communaut\u00e9 locale ou internationale \u2014 comme l'<strong>Indian Association Luxembourg (IAL)<\/strong> \u2014 Deelen est con\u00e7u pour nous rapprocher. Partager des objets, c'est renforcer les liens et construire un avenir durable.<\/p>\n<\/div>\n<div style=\"text-align: center; padding: 45px 20px; border-radius: 15px; background: linear-gradient(135deg, #0056b3 0%, #00a8ff 100%); color: white;\">\n<h2 style=\"margin-top: 0;\">Faites partie de l'aventure<\/h2>\n<p style=\"margin-bottom: 30px;\">Rejoignez d\u00e8s aujourd'hui la communaut\u00e9 certifi\u00e9e \"Made in Luxembourg\".<\/p>\n<div style=\"margin-bottom: 30px;\"><img decoding=\"async\" style=\"height: 60px; width: auto; filter: brightness(0) invert(1);\" src=\"https:\/\/deelen.lu\/resources\/uploads\/2026\/03\/Made-in-scaled.png\" alt=\"Deelen - Made in Luxembourg\" \/><\/div>\n<p><a style=\"display: inline-block; padding: 18px 40px; background-color: #fff; color: #0056b3; text-decoration: none; font-weight: bold; border-radius: 50px; font-size: 1.2em; box-shadow: 0 10px 20px rgba(0,0,0,0.2);\" href=\"https:\/\/deelen.lu\/fr\/\">D\u00e9couvrir Deelen<\/a><\/p>\n<\/div>\n<\/div>\n","protected":false},"excerpt":{"rendered":"<p>Grande Nouvelle : Deelen est officiellement \"Made in Luxembourg\" ! Confiance, communaut\u00e9 et innovation locale au c\u0153ur de notre mission. Nous sommes ravis de partager cette \u00e9tape majeure : Deelen a officiellement re\u00e7u le label \"Made in Luxembourg\" ! Cette distinction confirme notre engagement \u00e0 offrir un service local d'excellence \u00e0 tous les r\u00e9sidents du [&hellip;]<\/p>\n","protected":false},"author":15,"featured_media":1735,"comment_status":"closed","ping_status":"closed","sticky":false,"template":"","format":"standard","meta":{"_acf_changed":false,"inline_featured_image":false,"footnotes":""},"categories":[140],"tags":[],"class_list":["post-1805","post","type-post","status-publish","format-standard","has-post-thumbnail","hentry","category-non-classifiee"],"acf":[],"yoast_head":"<!-- This site is optimized with the Yoast SEO plugin v27.2 - https:\/\/yoast.com\/product\/yoast-seo-wordpress\/ -->\n<title>Grande Nouvelle : Deelen est officiellement &quot;Made in Luxembourg&quot; ! - Deelen<\/title>\n<meta name=\"description\" content=\"Deelen est officiellement certifi\u00e9 &#039;Made in Luxembourg&#039; ! Retrouvez nos articles dans L&#039;essentiel, Chronicle.lu et Merkur, et rejoignez la communaut\u00e9 de partage locale la plus fiable du Grand-Duch\u00e9.\" \/>\n<meta name=\"robots\" content=\"index, follow, max-snippet:-1, max-image-preview:large, max-video-preview:-1\" \/>\n<link rel=\"canonical\" href=\"https:\/\/deelen.lu\/fr\/grande-nouvelle-deelen-est-officiellement-made-in-luxembourg\/\" \/>\n<meta property=\"og:locale\" content=\"fr_FR\" \/>\n<meta property=\"og:type\" content=\"article\" \/>\n<meta property=\"og:title\" content=\"Grande Nouvelle : Deelen est officiellement &quot;Made in Luxembourg&quot; ! - Deelen\" \/>\n<meta property=\"og:description\" content=\"Deelen est officiellement certifi\u00e9 &#039;Made in Luxembourg&#039; ! Retrouvez nos articles dans L&#039;essentiel, Chronicle.lu et Merkur, et rejoignez la communaut\u00e9 de partage locale la plus fiable du Grand-Duch\u00e9.\" \/>\n<meta property=\"og:url\" content=\"https:\/\/deelen.lu\/fr\/grande-nouvelle-deelen-est-officiellement-made-in-luxembourg\/\" \/>\n<meta property=\"og:site_name\" content=\"Deelen\" \/>\n<meta property=\"article:published_time\" content=\"2026-03-30T18:28:53+00:00\" \/>\n<meta property=\"article:modified_time\" content=\"2026-03-30T18:33:48+00:00\" \/>\n<meta property=\"og:image\" content=\"https:\/\/deelen.lu\/resources\/uploads\/2026\/03\/Made-in-scaled.png\" \/>\n<meta name=\"author\" content=\"Bharti Sharma\" \/>\n<meta name=\"twitter:card\" content=\"summary_large_image\" \/>\n<meta name=\"twitter:label1\" content=\"\u00c9crit par\" \/>\n\t<meta name=\"twitter:data1\" content=\"Bharti Sharma\" \/>\n\t<meta name=\"twitter:label2\" content=\"Dur\u00e9e de lecture estim\u00e9e\" \/>\n\t<meta name=\"twitter:data2\" content=\"2 minutes\" \/>\n<script type=\"application\/ld+json\" class=\"yoast-schema-graph\">{\"@context\":\"https:\/\/schema.org\",\"@graph\":[{\"@type\":\"Article\",\"@id\":\"https:\/\/deelen.lu\/fr\/grande-nouvelle-deelen-est-officiellement-made-in-luxembourg\/#article\",\"isPartOf\":{\"@id\":\"https:\/\/deelen.lu\/fr\/grande-nouvelle-deelen-est-officiellement-made-in-luxembourg\/\"},\"author\":{\"name\":\"Bharti Sharma\",\"@id\":\"https:\/\/deelen.lu\/fr\/#\/schema\/person\/0711bec92a925b5fb71bc40d85cdb2e0\"},\"headline\":\"Grande Nouvelle : Deelen est officiellement \\\"Made in Luxembourg\\\" !\",\"datePublished\":\"2026-03-30T18:28:53+00:00\",\"dateModified\":\"2026-03-30T18:33:48+00:00\",\"mainEntityOfPage\":{\"@id\":\"https:\/\/deelen.lu\/fr\/grande-nouvelle-deelen-est-officiellement-made-in-luxembourg\/\"},\"wordCount\":163,\"image\":{\"@id\":\"https:\/\/deelen.lu\/fr\/grande-nouvelle-deelen-est-officiellement-made-in-luxembourg\/#primaryimage\"},\"thumbnailUrl\":\"https:\/\/deelen.lu\/resources\/uploads\/2026\/03\/Made-in-scaled.png\",\"articleSection\":[\"Non classifi\u00e9(e)\"],\"inLanguage\":\"fr-FR\"},{\"@type\":\"WebPage\",\"@id\":\"https:\/\/deelen.lu\/fr\/grande-nouvelle-deelen-est-officiellement-made-in-luxembourg\/\",\"url\":\"https:\/\/deelen.lu\/fr\/grande-nouvelle-deelen-est-officiellement-made-in-luxembourg\/\",\"name\":\"Grande Nouvelle : Deelen est officiellement \\\"Made in Luxembourg\\\" ! - Deelen\",\"isPartOf\":{\"@id\":\"https:\/\/deelen.lu\/fr\/#website\"},\"primaryImageOfPage\":{\"@id\":\"https:\/\/deelen.lu\/fr\/grande-nouvelle-deelen-est-officiellement-made-in-luxembourg\/#primaryimage\"},\"image\":{\"@id\":\"https:\/\/deelen.lu\/fr\/grande-nouvelle-deelen-est-officiellement-made-in-luxembourg\/#primaryimage\"},\"thumbnailUrl\":\"https:\/\/deelen.lu\/resources\/uploads\/2026\/03\/Made-in-scaled.png\",\"datePublished\":\"2026-03-30T18:28:53+00:00\",\"dateModified\":\"2026-03-30T18:33:48+00:00\",\"author\":{\"@id\":\"https:\/\/deelen.lu\/fr\/#\/schema\/person\/0711bec92a925b5fb71bc40d85cdb2e0\"},\"description\":\"Deelen est officiellement certifi\u00e9 'Made in Luxembourg' ! Retrouvez nos articles dans L'essentiel, Chronicle.lu et Merkur, et rejoignez la communaut\u00e9 de partage locale la plus fiable du Grand-Duch\u00e9.\",\"breadcrumb\":{\"@id\":\"https:\/\/deelen.lu\/fr\/grande-nouvelle-deelen-est-officiellement-made-in-luxembourg\/#breadcrumb\"},\"inLanguage\":\"fr-FR\",\"potentialAction\":[{\"@type\":\"ReadAction\",\"target\":[\"https:\/\/deelen.lu\/fr\/grande-nouvelle-deelen-est-officiellement-made-in-luxembourg\/\"]}]},{\"@type\":\"ImageObject\",\"inLanguage\":\"fr-FR\",\"@id\":\"https:\/\/deelen.lu\/fr\/grande-nouvelle-deelen-est-officiellement-made-in-luxembourg\/#primaryimage\",\"url\":\"https:\/\/deelen.lu\/resources\/uploads\/2026\/03\/Made-in-scaled.png\",\"contentUrl\":\"https:\/\/deelen.lu\/resources\/uploads\/2026\/03\/Made-in-scaled.png\",\"width\":2560,\"height\":2065},{\"@type\":\"BreadcrumbList\",\"@id\":\"https:\/\/deelen.lu\/fr\/grande-nouvelle-deelen-est-officiellement-made-in-luxembourg\/#breadcrumb\",\"itemListElement\":[{\"@type\":\"ListItem\",\"position\":1,\"name\":\"Home\",\"item\":\"https:\/\/deelen.lu\/fr\/\"},{\"@type\":\"ListItem\",\"position\":2,\"name\":\"Grande Nouvelle : Deelen est officiellement \\\"Made in Luxembourg\\\" !\"}]},{\"@type\":\"WebSite\",\"@id\":\"https:\/\/deelen.lu\/fr\/#website\",\"url\":\"https:\/\/deelen.lu\/fr\/\",\"name\":\"Deelen\",\"description\":\"Deelen.lu \u2014 Luxembourg&#039;s peer-to-peer rental marketplace. Rent and lend items locally.\",\"potentialAction\":[{\"@type\":\"SearchAction\",\"target\":{\"@type\":\"EntryPoint\",\"urlTemplate\":\"https:\/\/deelen.lu\/fr\/?s={search_term_string}\"},\"query-input\":{\"@type\":\"PropertyValueSpecification\",\"valueRequired\":true,\"valueName\":\"search_term_string\"}}],\"inLanguage\":\"fr-FR\"},{\"@type\":\"Person\",\"@id\":\"https:\/\/deelen.lu\/fr\/#\/schema\/person\/0711bec92a925b5fb71bc40d85cdb2e0\",\"name\":\"Bharti Sharma\",\"image\":{\"@type\":\"ImageObject\",\"inLanguage\":\"fr-FR\",\"@id\":\"https:\/\/secure.gravatar.com\/avatar\/2e675bcad1fbb904f558560692ee43def7e808d1d8cc5abf70e71689dd95f776?s=96&d=mm&r=g\",\"url\":\"https:\/\/secure.gravatar.com\/avatar\/2e675bcad1fbb904f558560692ee43def7e808d1d8cc5abf70e71689dd95f776?s=96&d=mm&r=g\",\"contentUrl\":\"https:\/\/secure.gravatar.com\/avatar\/2e675bcad1fbb904f558560692ee43def7e808d1d8cc5abf70e71689dd95f776?s=96&d=mm&r=g\",\"caption\":\"Bharti Sharma\"},\"url\":\"https:\/\/deelen.lu\/fr\/author\/bharti-sharmaariasdeelen-lu\/\"}]}<\/script>\n<!-- \/ Yoast SEO plugin. -->","yoast_head_json":{"title":"Grande Nouvelle : Deelen est officiellement \"Made in Luxembourg\" ! - Deelen","description":"Deelen est officiellement certifi\u00e9 'Made in Luxembourg' ! Retrouvez nos articles dans L'essentiel, Chronicle.lu et Merkur, et rejoignez la communaut\u00e9 de partage locale la plus fiable du Grand-Duch\u00e9.","robots":{"index":"index","follow":"follow","max-snippet":"max-snippet:-1","max-image-preview":"max-image-preview:large","max-video-preview":"max-video-preview:-1"},"canonical":"https:\/\/deelen.lu\/fr\/grande-nouvelle-deelen-est-officiellement-made-in-luxembourg\/","og_locale":"fr_FR","og_type":"article","og_title":"Grande Nouvelle : Deelen est officiellement \"Made in Luxembourg\" ! - Deelen","og_description":"Deelen est officiellement certifi\u00e9 'Made in Luxembourg' ! Retrouvez nos articles dans L'essentiel, Chronicle.lu et Merkur, et rejoignez la communaut\u00e9 de partage locale la plus fiable du Grand-Duch\u00e9.","og_url":"https:\/\/deelen.lu\/fr\/grande-nouvelle-deelen-est-officiellement-made-in-luxembourg\/","og_site_name":"Deelen","article_published_time":"2026-03-30T18:28:53+00:00","article_modified_time":"2026-03-30T18:33:48+00:00","og_image":[{"url":"https:\/\/deelen.lu\/resources\/uploads\/2026\/03\/Made-in-scaled.png","type":"","width":"","height":""}],"author":"Bharti Sharma","twitter_card":"summary_large_image","twitter_misc":{"\u00c9crit par":"Bharti Sharma","Dur\u00e9e de lecture estim\u00e9e":"2 minutes"},"schema":{"@context":"https:\/\/schema.org","@graph":[{"@type":"Article","@id":"https:\/\/deelen.lu\/fr\/grande-nouvelle-deelen-est-officiellement-made-in-luxembourg\/#article","isPartOf":{"@id":"https:\/\/deelen.lu\/fr\/grande-nouvelle-deelen-est-officiellement-made-in-luxembourg\/"},"author":{"name":"Bharti Sharma","@id":"https:\/\/deelen.lu\/fr\/#\/schema\/person\/0711bec92a925b5fb71bc40d85cdb2e0"},"headline":"Grande Nouvelle : Deelen est officiellement \"Made in Luxembourg\" !","datePublished":"2026-03-30T18:28:53+00:00","dateModified":"2026-03-30T18:33:48+00:00","mainEntityOfPage":{"@id":"https:\/\/deelen.lu\/fr\/grande-nouvelle-deelen-est-officiellement-made-in-luxembourg\/"},"wordCount":163,"image":{"@id":"https:\/\/deelen.lu\/fr\/grande-nouvelle-deelen-est-officiellement-made-in-luxembourg\/#primaryimage"},"thumbnailUrl":"https:\/\/deelen.lu\/resources\/uploads\/2026\/03\/Made-in-scaled.png","articleSection":["Non classifi\u00e9(e)"],"inLanguage":"fr-FR"},{"@type":"WebPage","@id":"https:\/\/deelen.lu\/fr\/grande-nouvelle-deelen-est-officiellement-made-in-luxembourg\/","url":"https:\/\/deelen.lu\/fr\/grande-nouvelle-deelen-est-officiellement-made-in-luxembourg\/","name":"Grande Nouvelle : Deelen est officiellement \"Made in Luxembourg\" ! - Deelen","isPartOf":{"@id":"https:\/\/deelen.lu\/fr\/#website"},"primaryImageOfPage":{"@id":"https:\/\/deelen.lu\/fr\/grande-nouvelle-deelen-est-officiellement-made-in-luxembourg\/#primaryimage"},"image":{"@id":"https:\/\/deelen.lu\/fr\/grande-nouvelle-deelen-est-officiellement-made-in-luxembourg\/#primaryimage"},"thumbnailUrl":"https:\/\/deelen.lu\/resources\/uploads\/2026\/03\/Made-in-scaled.png","datePublished":"2026-03-30T18:28:53+00:00","dateModified":"2026-03-30T18:33:48+00:00","author":{"@id":"https:\/\/deelen.lu\/fr\/#\/schema\/person\/0711bec92a925b5fb71bc40d85cdb2e0"},"description":"Deelen est officiellement certifi\u00e9 'Made in Luxembourg' ! Retrouvez nos articles dans L'essentiel, Chronicle.lu et Merkur, et rejoignez la communaut\u00e9 de partage locale la plus fiable du Grand-Duch\u00e9.","breadcrumb":{"@id":"https:\/\/deelen.lu\/fr\/grande-nouvelle-deelen-est-officiellement-made-in-luxembourg\/#breadcrumb"},"inLanguage":"fr-FR","potentialAction":[{"@type":"ReadAction","target":["https:\/\/deelen.lu\/fr\/grande-nouvelle-deelen-est-officiellement-made-in-luxembourg\/"]}]},{"@type":"ImageObject","inLanguage":"fr-FR","@id":"https:\/\/deelen.lu\/fr\/grande-nouvelle-deelen-est-officiellement-made-in-luxembourg\/#primaryimage","url":"https:\/\/deelen.lu\/resources\/uploads\/2026\/03\/Made-in-scaled.png","contentUrl":"https:\/\/deelen.lu\/resources\/uploads\/2026\/03\/Made-in-scaled.png","width":2560,"height":2065},{"@type":"BreadcrumbList","@id":"https:\/\/deelen.lu\/fr\/grande-nouvelle-deelen-est-officiellement-made-in-luxembourg\/#breadcrumb","itemListElement":[{"@type":"ListItem","position":1,"name":"Home","item":"https:\/\/deelen.lu\/fr\/"},{"@type":"ListItem","position":2,"name":"Grande Nouvelle : Deelen est officiellement \"Made in Luxembourg\" !"}]},{"@type":"WebSite","@id":"https:\/\/deelen.lu\/fr\/#website","url":"https:\/\/deelen.lu\/fr\/","name":"Deelen","description":"Deelen.lu \u2014 Luxembourg&#039;s peer-to-peer rental marketplace. Rent and lend items locally.","potentialAction":[{"@type":"SearchAction","target":{"@type":"EntryPoint","urlTemplate":"https:\/\/deelen.lu\/fr\/?s={search_term_string}"},"query-input":{"@type":"PropertyValueSpecification","valueRequired":true,"valueName":"search_term_string"}}],"inLanguage":"fr-FR"},{"@type":"Person","@id":"https:\/\/deelen.lu\/fr\/#\/schema\/person\/0711bec92a925b5fb71bc40d85cdb2e0","name":"Bharti Sharma","image":{"@type":"ImageObject","inLanguage":"fr-FR","@id":"https:\/\/secure.gravatar.com\/avatar\/2e675bcad1fbb904f558560692ee43def7e808d1d8cc5abf70e71689dd95f776?s=96&d=mm&r=g","url":"https:\/\/secure.gravatar.com\/avatar\/2e675bcad1fbb904f558560692ee43def7e808d1d8cc5abf70e71689dd95f776?s=96&d=mm&r=g","contentUrl":"https:\/\/secure.gravatar.com\/avatar\/2e675bcad1fbb904f558560692ee43def7e808d1d8cc5abf70e71689dd95f776?s=96&d=mm&r=g","caption":"Bharti Sharma"},"url":"https:\/\/deelen.lu\/fr\/author\/bharti-sharmaariasdeelen-lu\/"}]}},"_links":{"self":[{"href":"https:\/\/deelen.lu\/fr\/wp-json\/wp\/v2\/posts\/1805","targetHints":{"allow":["GET"]}}],"collection":[{"href":"https:\/\/deelen.lu\/fr\/wp-json\/wp\/v2\/posts"}],"about":[{"href":"https:\/\/deelen.lu\/fr\/wp-json\/wp\/v2\/types\/post"}],"author":[{"embeddable":true,"href":"https:\/\/deelen.lu\/fr\/wp-json\/wp\/v2\/users\/15"}],"replies":[{"embeddable":true,"href":"https:\/\/deelen.lu\/fr\/wp-json\/wp\/v2\/comments?post=1805"}],"version-history":[{"count":2,"href":"https:\/\/deelen.lu\/fr\/wp-json\/wp\/v2\/posts\/1805\/revisions"}],"predecessor-version":[{"id":1807,"href":"https:\/\/deelen.lu\/fr\/wp-json\/wp\/v2\/posts\/1805\/revisions\/1807"}],"wp:featuredmedia":[{"embeddable":true,"href":"https:\/\/deelen.lu\/fr\/wp-json\/wp\/v2\/media\/1735"}],"wp:attachment":[{"href":"https:\/\/deelen.lu\/fr\/wp-json\/wp\/v2\/media?parent=1805"}],"wp:term":[{"taxonomy":"category","embeddable":true,"href":"https:\/\/deelen.lu\/fr\/wp-json\/wp\/v2\/categories?post=1805"},{"taxonomy":"post_tag","embeddable":true,"href":"https:\/\/deelen.lu\/fr\/wp-json\/wp\/v2\/tags?post=1805"}],"curies":[{"name":"wp","href":"https:\/\/api.w.org\/{rel}","templated":true}]}}